{"id":506,"date":"2025-01-16T23:41:45","date_gmt":"2025-01-16T22:41:45","guid":{"rendered":"https:\/\/perspektivenwechsel-dittmann.de\/?p=506"},"modified":"2025-01-16T23:41:46","modified_gmt":"2025-01-16T22:41:46","slug":"workshops-lebendig-gestalten-methoden-ideen-und-inspiration","status":"publish","type":"post","link":"https:\/\/perspektivenwechsel-dittmann.de\/?p=506","title":{"rendered":"Workshops lebendig gestalten: Methoden, Ideen und Inspiration"},"content":{"rendered":"\n<p>Wie werden Workshops spannend und interaktiv? Diese Frage stellten <a href=\"https:\/\/perspektivenwechsel-dittmann.de\/?page_id=145\">Laura Dittmann<\/a> und <a href=\"https:\/\/perspektivenwechsel-dittmann.de\/?page_id=234\">Eberhard Dittmann<\/a> beim Fachtag <strong>\u201eWorkshops lebendig gestalten\u201c <\/strong>am 04. November 2024 in Hanau in den Fokus. Ein zentrales Element war das modulare Konzept <strong>\u201econgress in motion\u00ae\u201c<\/strong>, das Struktur und Flexibilit\u00e4t bei der Gestaltung von Workshops und Gro\u00dfgruppen verbinden. Die Teilnehmenden lernten, wie sie \u00dcberraschungselemente einbauen und ihre Dramaturgie an die Dynamik der Gruppe anpassen k\u00f6nnen. Ein wichtiger Leitsatz lautete:<em> Es beginnt, bevor es beginnt, und endet mit \u201aEnergie mitnehmen\u00b4. <\/em>Workshops wurden als lebendige R\u00e4ume pr\u00e4sentiert, in denen Austausch und Inspiration im Mittelpunkt stehen. <\/p>\n\n\n\n<figure class=\"wp-block-image size-full\"><img loading=\"lazy\" decoding=\"async\" width=\"900\" height=\"675\" src=\"http:\/\/perspektivenwechsel-dittmann.de\/wp-content\/uploads\/2025\/01\/Fachtag-Workshop-Dittmann.jpg\" alt=\"Die Teilnehmenden probierten kreative Methoden aus\" class=\"wp-image-507\" srcset=\"https:\/\/perspektivenwechsel-dittmann.de\/wp-content\/uploads\/2025\/01\/Fachtag-Workshop-Dittmann.jpg 900w, https:\/\/perspektivenwechsel-dittmann.de\/wp-content\/uploads\/2025\/01\/Fachtag-Workshop-Dittmann-300x225.jpg 300w, https:\/\/perspektivenwechsel-dittmann.de\/wp-content\/uploads\/2025\/01\/Fachtag-Workshop-Dittmann-768x576.jpg 768w\" sizes=\"auto, (max-width: 900px) 100vw, 900px\" \/><\/figure>\n\n\n\n<p>Ein weiterer Schwerpunkt war die <strong>Auftragskl\u00e4rung<\/strong>, denn nur durch klare Zielsetzungen k\u00f6nnen Workshops nachhaltig wirken.<br>Die Teilnehmenden arbeiteten zudem an konkreten <strong>Praxisf\u00e4llen<\/strong> und entwickelten individuell angepasste L\u00f6sungen. Die Veranstaltung richtete sich an alle, die neue Impulse f\u00fcr ihre Seminare und Schulungen suchten und fand in Zusammenarbeit mit dem <a href=\"https:\/\/www.praxis-institut-sued.de\/\" target=\"_blank\" rel=\"noreferrer noopener\">praxis \u2013 institut\u00a0f\u00fcr systemische beratung\u00a0s\u00fcd<\/a> statt. <br>Das Fazit des Fachtags: Mit kreativen Methoden, klaren Zielen und einer flexiblen Moderation werden Workshops zu inspirierenden und nachhaltigen Erlebnissen.<\/p>\n","protected":false},"excerpt":{"rendered":"<p>Wie werden Workshops spannend und interaktiv? Diese Frage stellten Laura Dittmann und Eberhard Dittmann beim Fachtag \u201eWorkshops lebendig gestalten\u201c am 04. November 2024 in Hanau [&#8230;]<\/p>\n","protected":false},"author":1,"featured_media":0,"comment_status":"open","ping_status":"open","sticky":false,"template":"","format":"standard","meta":{"footnotes":""},"categories":[1],"tags":[],"class_list":["post-506","post","type-post","status-publish","format-standard","hentry","category-allgemein"],"yoast_head":"<!-- This site is optimized with the Yoast SEO plugin v24.2 - https:\/\/yoast.com\/wordpress\/plugins\/seo\/ -->\n<title>Workshops lebendig gestalten: Methoden, Ideen und Inspiration -<\/title>\n<meta name=\"robots\" content=\"index, follow, max-snippet:-1, max-image-preview:large, max-video-preview:-1\" \/>\n<link rel=\"canonical\" href=\"https:\/\/perspektivenwechsel-dittmann.de\/?p=506\" \/>\n<meta property=\"og:locale\" content=\"de_DE\" \/>\n<meta property=\"og:type\" content=\"article\" \/>\n<meta property=\"og:title\" content=\"Workshops lebendig gestalten: Methoden, Ideen und Inspiration -\" \/>\n<meta property=\"og:description\" content=\"Wie werden Workshops spannend und interaktiv? Diese Frage stellten Laura Dittmann und Eberhard Dittmann beim Fachtag \u201eWorkshops lebendig gestalten\u201c am 04. November 2024 in Hanau [...]\" \/>\n<meta property=\"og:url\" content=\"https:\/\/perspektivenwechsel-dittmann.de\/?p=506\" \/>\n<meta property=\"article:published_time\" content=\"2025-01-16T22:41:45+00:00\" \/>\n<meta property=\"article:modified_time\" content=\"2025-01-16T22:41:46+00:00\" \/>\n<meta property=\"og:image\" content=\"https:\/\/perspektivenwechsel-dittmann.de\/wp-content\/uploads\/2025\/01\/Fachtag-Workshop-Dittmann.jpg\" \/>\n\t<meta property=\"og:image:width\" content=\"900\" \/>\n\t<meta property=\"og:image:height\" content=\"675\" \/>\n\t<meta property=\"og:image:type\" content=\"image\/jpeg\" \/>\n<meta name=\"author\" content=\"perspektivenwechsel-dittmann\" \/>\n<meta name=\"twitter:card\" content=\"summary_large_image\" \/>\n<meta name=\"twitter:label1\" content=\"Verfasst von\" \/>\n\t<meta name=\"twitter:data1\" content=\"perspektivenwechsel-dittmann\" \/>\n\t<meta name=\"twitter:label2\" content=\"Gesch\u00e4tzte Lesezeit\" \/>\n\t<meta name=\"twitter:data2\" content=\"2\u00a0Minuten\" \/>\n<script type=\"application\/ld+json\" class=\"yoast-schema-graph\">{\"@context\":\"https:\/\/schema.org\",\"@graph\":[{\"@type\":\"WebPage\",\"@id\":\"https:\/\/perspektivenwechsel-dittmann.de\/?p=506\",\"url\":\"https:\/\/perspektivenwechsel-dittmann.de\/?p=506\",\"name\":\"Workshops lebendig gestalten: Methoden, Ideen und Inspiration -\",\"isPartOf\":{\"@id\":\"https:\/\/perspektivenwechsel-dittmann.de\/#website\"},\"primaryImageOfPage\":{\"@id\":\"https:\/\/perspektivenwechsel-dittmann.de\/?p=506#primaryimage\"},\"image\":{\"@id\":\"https:\/\/perspektivenwechsel-dittmann.de\/?p=506#primaryimage\"},\"thumbnailUrl\":\"http:\/\/perspektivenwechsel-dittmann.de\/wp-content\/uploads\/2025\/01\/Fachtag-Workshop-Dittmann.jpg\",\"datePublished\":\"2025-01-16T22:41:45+00:00\",\"dateModified\":\"2025-01-16T22:41:46+00:00\",\"author\":{\"@id\":\"https:\/\/perspektivenwechsel-dittmann.de\/#\/schema\/person\/652ed6eccb41c4555d5ce6aa1181ff63\"},\"breadcrumb\":{\"@id\":\"https:\/\/perspektivenwechsel-dittmann.de\/?p=506#breadcrumb\"},\"inLanguage\":\"de\",\"potentialAction\":[{\"@type\":\"ReadAction\",\"target\":[\"https:\/\/perspektivenwechsel-dittmann.de\/?p=506\"]}]},{\"@type\":\"ImageObject\",\"inLanguage\":\"de\",\"@id\":\"https:\/\/perspektivenwechsel-dittmann.de\/?p=506#primaryimage\",\"url\":\"https:\/\/perspektivenwechsel-dittmann.de\/wp-content\/uploads\/2025\/01\/Fachtag-Workshop-Dittmann.jpg\",\"contentUrl\":\"https:\/\/perspektivenwechsel-dittmann.de\/wp-content\/uploads\/2025\/01\/Fachtag-Workshop-Dittmann.jpg\",\"width\":900,\"height\":675,\"caption\":\"Die Teilnehmenden probierten kreative Methoden aus\"},{\"@type\":\"BreadcrumbList\",\"@id\":\"https:\/\/perspektivenwechsel-dittmann.de\/?p=506#breadcrumb\",\"itemListElement\":[{\"@type\":\"ListItem\",\"position\":1,\"name\":\"Startseite\",\"item\":\"https:\/\/perspektivenwechsel-dittmann.de\/\"},{\"@type\":\"ListItem\",\"position\":2,\"name\":\"Workshops lebendig gestalten: Methoden, Ideen und Inspiration\"}]},{\"@type\":\"WebSite\",\"@id\":\"https:\/\/perspektivenwechsel-dittmann.de\/#website\",\"url\":\"https:\/\/perspektivenwechsel-dittmann.de\/\",\"name\":\"\",\"description\":\"Coaching \u0387 Organisationsentwicklung \u0387 Seminare\",\"potentialAction\":[{\"@type\":\"SearchAction\",\"target\":{\"@type\":\"EntryPoint\",\"urlTemplate\":\"https:\/\/perspektivenwechsel-dittmann.de\/?s={search_term_string}\"},\"query-input\":{\"@type\":\"PropertyValueSpecification\",\"valueRequired\":true,\"valueName\":\"search_term_string\"}}],\"inLanguage\":\"de\"},{\"@type\":\"Person\",\"@id\":\"https:\/\/perspektivenwechsel-dittmann.de\/#\/schema\/person\/652ed6eccb41c4555d5ce6aa1181ff63\",\"name\":\"perspektivenwechsel-dittmann\",\"image\":{\"@type\":\"ImageObject\",\"inLanguage\":\"de\",\"@id\":\"https:\/\/perspektivenwechsel-dittmann.de\/#\/schema\/person\/image\/\",\"url\":\"https:\/\/secure.gravatar.com\/avatar\/070e863867531b96dae7b7625f60e5472b3474ff7332573d46d506bcad8206ac?s=96&d=mm&r=g\",\"contentUrl\":\"https:\/\/secure.gravatar.com\/avatar\/070e863867531b96dae7b7625f60e5472b3474ff7332573d46d506bcad8206ac?s=96&d=mm&r=g\",\"caption\":\"perspektivenwechsel-dittmann\"},\"sameAs\":[\"http:\/\/perspektivenwechsel-dittmann.de\"],\"url\":\"https:\/\/perspektivenwechsel-dittmann.de\/?author=1\"}]}<\/script>\n<!-- \/ Yoast SEO plugin. -->","yoast_head_json":{"title":"Workshops lebendig gestalten: Methoden, Ideen und Inspiration -","robots":{"index":"index","follow":"follow","max-snippet":"max-snippet:-1","max-image-preview":"max-image-preview:large","max-video-preview":"max-video-preview:-1"},"canonical":"https:\/\/perspektivenwechsel-dittmann.de\/?p=506","og_locale":"de_DE","og_type":"article","og_title":"Workshops lebendig gestalten: Methoden, Ideen und Inspiration -","og_description":"Wie werden Workshops spannend und interaktiv? Diese Frage stellten Laura Dittmann und Eberhard Dittmann beim Fachtag \u201eWorkshops lebendig gestalten\u201c am 04. November 2024 in Hanau [...]","og_url":"https:\/\/perspektivenwechsel-dittmann.de\/?p=506","article_published_time":"2025-01-16T22:41:45+00:00","article_modified_time":"2025-01-16T22:41:46+00:00","og_image":[{"width":900,"height":675,"url":"https:\/\/perspektivenwechsel-dittmann.de\/wp-content\/uploads\/2025\/01\/Fachtag-Workshop-Dittmann.jpg","type":"image\/jpeg"}],"author":"perspektivenwechsel-dittmann","twitter_card":"summary_large_image","twitter_misc":{"Verfasst von":"perspektivenwechsel-dittmann","Gesch\u00e4tzte Lesezeit":"2\u00a0Minuten"},"schema":{"@context":"https:\/\/schema.org","@graph":[{"@type":"WebPage","@id":"https:\/\/perspektivenwechsel-dittmann.de\/?p=506","url":"https:\/\/perspektivenwechsel-dittmann.de\/?p=506","name":"Workshops lebendig gestalten: Methoden, Ideen und Inspiration -","isPartOf":{"@id":"https:\/\/perspektivenwechsel-dittmann.de\/#website"},"primaryImageOfPage":{"@id":"https:\/\/perspektivenwechsel-dittmann.de\/?p=506#primaryimage"},"image":{"@id":"https:\/\/perspektivenwechsel-dittmann.de\/?p=506#primaryimage"},"thumbnailUrl":"http:\/\/perspektivenwechsel-dittmann.de\/wp-content\/uploads\/2025\/01\/Fachtag-Workshop-Dittmann.jpg","datePublished":"2025-01-16T22:41:45+00:00","dateModified":"2025-01-16T22:41:46+00:00","author":{"@id":"https:\/\/perspektivenwechsel-dittmann.de\/#\/schema\/person\/652ed6eccb41c4555d5ce6aa1181ff63"},"breadcrumb":{"@id":"https:\/\/perspektivenwechsel-dittmann.de\/?p=506#breadcrumb"},"inLanguage":"de","potentialAction":[{"@type":"ReadAction","target":["https:\/\/perspektivenwechsel-dittmann.de\/?p=506"]}]},{"@type":"ImageObject","inLanguage":"de","@id":"https:\/\/perspektivenwechsel-dittmann.de\/?p=506#primaryimage","url":"https:\/\/perspektivenwechsel-dittmann.de\/wp-content\/uploads\/2025\/01\/Fachtag-Workshop-Dittmann.jpg","contentUrl":"https:\/\/perspektivenwechsel-dittmann.de\/wp-content\/uploads\/2025\/01\/Fachtag-Workshop-Dittmann.jpg","width":900,"height":675,"caption":"Die Teilnehmenden probierten kreative Methoden aus"},{"@type":"BreadcrumbList","@id":"https:\/\/perspektivenwechsel-dittmann.de\/?p=506#breadcrumb","itemListElement":[{"@type":"ListItem","position":1,"name":"Startseite","item":"https:\/\/perspektivenwechsel-dittmann.de\/"},{"@type":"ListItem","position":2,"name":"Workshops lebendig gestalten: Methoden, Ideen und Inspiration"}]},{"@type":"WebSite","@id":"https:\/\/perspektivenwechsel-dittmann.de\/#website","url":"https:\/\/perspektivenwechsel-dittmann.de\/","name":"","description":"Coaching \u0387 Organisationsentwicklung \u0387 Seminare","potentialAction":[{"@type":"SearchAction","target":{"@type":"EntryPoint","urlTemplate":"https:\/\/perspektivenwechsel-dittmann.de\/?s={search_term_string}"},"query-input":{"@type":"PropertyValueSpecification","valueRequired":true,"valueName":"search_term_string"}}],"inLanguage":"de"},{"@type":"Person","@id":"https:\/\/perspektivenwechsel-dittmann.de\/#\/schema\/person\/652ed6eccb41c4555d5ce6aa1181ff63","name":"perspektivenwechsel-dittmann","image":{"@type":"ImageObject","inLanguage":"de","@id":"https:\/\/perspektivenwechsel-dittmann.de\/#\/schema\/person\/image\/","url":"https:\/\/secure.gravatar.com\/avatar\/070e863867531b96dae7b7625f60e5472b3474ff7332573d46d506bcad8206ac?s=96&d=mm&r=g","contentUrl":"https:\/\/secure.gravatar.com\/avatar\/070e863867531b96dae7b7625f60e5472b3474ff7332573d46d506bcad8206ac?s=96&d=mm&r=g","caption":"perspektivenwechsel-dittmann"},"sameAs":["http:\/\/perspektivenwechsel-dittmann.de"],"url":"https:\/\/perspektivenwechsel-dittmann.de\/?author=1"}]}},"_links":{"self":[{"href":"https:\/\/perspektivenwechsel-dittmann.de\/index.php?rest_route=\/wp\/v2\/posts\/506","targetHints":{"allow":["GET"]}}],"collection":[{"href":"https:\/\/perspektivenwechsel-dittmann.de\/index.php?rest_route=\/wp\/v2\/posts"}],"about":[{"href":"https:\/\/perspektivenwechsel-dittmann.de\/index.php?rest_route=\/wp\/v2\/types\/post"}],"author":[{"embeddable":true,"href":"https:\/\/perspektivenwechsel-dittmann.de\/index.php?rest_route=\/wp\/v2\/users\/1"}],"replies":[{"embeddable":true,"href":"https:\/\/perspektivenwechsel-dittmann.de\/index.php?rest_route=%2Fwp%2Fv2%2Fcomments&post=506"}],"version-history":[{"count":6,"href":"https:\/\/perspektivenwechsel-dittmann.de\/index.php?rest_route=\/wp\/v2\/posts\/506\/revisions"}],"predecessor-version":[{"id":513,"href":"https:\/\/perspektivenwechsel-dittmann.de\/index.php?rest_route=\/wp\/v2\/posts\/506\/revisions\/513"}],"wp:attachment":[{"href":"https:\/\/perspektivenwechsel-dittmann.de\/index.php?rest_route=%2Fwp%2Fv2%2Fmedia&parent=506"}],"wp:term":[{"taxonomy":"category","embeddable":true,"href":"https:\/\/perspektivenwechsel-dittmann.de\/index.php?rest_route=%2Fwp%2Fv2%2Fcategories&post=506"},{"taxonomy":"post_tag","embeddable":true,"href":"https:\/\/perspektivenwechsel-dittmann.de\/index.php?rest_route=%2Fwp%2Fv2%2Ftags&post=506"}],"curies":[{"name":"wp","href":"https:\/\/api.w.org\/{rel}","templated":true}]}}